{"id":3757,"date":"2023-05-07T23:02:27","date_gmt":"2023-05-07T21:02:27","guid":{"rendered":"https:\/\/picoytallo.com\/handwerklich-hergestellte-konfitueren-mit-fruechten-der-saison\/"},"modified":"2023-05-19T18:00:29","modified_gmt":"2023-05-19T16:00:29","slug":"handwerklich-hergestellte-konfitueren-mit-fruechten-der-saison","status":"publish","type":"post","link":"https:\/\/picoytallo.com\/de\/handwerklich-hergestellte-konfitueren-mit-fruechten-der-saison\/","title":{"rendered":"Handwerklich hergestellte Konfit\u00fcren mit Fr\u00fcchten der Saison"},"content":{"rendered":"\n<p>Dank der gro\u00dfen Vielfalt an saisonalen Fr\u00fcchten, die auf den \u00f6rtlichen Bauernm\u00e4rkten und an den Verkaufsst\u00e4nden in ihrem optimalen Reifezustand erh\u00e4ltlich sind, ist es einfacher denn je, einzigartige und geschmackvolle Marmeladen in Gl\u00e4sern herzustellen.<\/p>\n\n<p>Von Birnen- und Ingwermarmelade bis hin zu Himbeer- und Rhabarberkompott gibt es eine Vielzahl von k\u00f6stlichen M\u00f6glichkeiten. In diesem Blogbeitrag werden wir die vielen M\u00f6glichkeiten erkunden, wie Sie Obst der Saison verwenden k\u00f6nnen, um k\u00f6stliche, handwerklich hergestellte Marmeladen in Ihrer eigenen K\u00fcche herzustellen. Holen Sie also die Einmachgl\u00e4ser heraus: Es ist Zeit, selbstgemachte Marmelade zu kochen!<\/p>\n\n<h2 class=\"wp-block-heading\">Handwerklich hergestellte Konfit\u00fcren, die k\u00f6stliche Erg\u00e4nzung f\u00fcr jede Speisekammer.<\/h2>\n\n<p>Wer hat nicht gerne eine s\u00fc\u00dfe Leckerei in seiner Speisekammer, um seinen Hei\u00dfhunger zu stillen? <a href=\"https:\/\/picoytallo.com\/de\/?p=3646\" target=\"_blank\" rel=\"noreferrer noopener\">Handwerklich hergestellte Konfit\u00fcren<\/a> sind eine k\u00f6stliche und gesunde M\u00f6glichkeit, dieses Bed\u00fcrfnis zu befriedigen. Aus frischen Fr\u00fcchten und ohne Konservierungs- oder Zusatzstoffe hergestellt, sind diese Konfit\u00fcren eine nat\u00fcrliche, hausgemachte Alternative zu Industrieprodukten. Und die M\u00f6glichkeiten sind endlos: von einem einfachen Toast mit Marmelade bis hin zu einer aufwendigen Torte &#8211; handwerklich hergestellte Marmeladen k\u00f6nnen jede Mahlzeit oder jedes Dessert perfekt erg\u00e4nzen. Z\u00f6gern Sie nicht, diese k\u00f6stlichen Konfit\u00fcren in Ihre Speisekammer aufzunehmen und genie\u00dfen Sie den nat\u00fcrlichen und authentischen Geschmack in jedem Bissen!<\/p>\n\n<h3 class=\"wp-block-heading\">Tipps zur Auswahl der besten Saisonfr\u00fcchte f\u00fcr die Marmeladenherstellung<\/h3>\n\n<p><a href=\"https:\/\/picoytallo.com\/de\/?p=3190\" target=\"_blank\" rel=\"noreferrer noopener\">Selbstgemachte Marmelade<\/a> ist eine k\u00f6stliche Option f\u00fcr das Fr\u00fchst\u00fcck oder als F\u00fcllung f\u00fcr Desserts. Aber wie w\u00e4hlt man die besten Fr\u00fcchte der Saison f\u00fcr die Zubereitung aus? Als Erstes sollten Sie herausfinden, welche Fr\u00fcchte in Ihrer Region Saison haben.<\/p>\n\n<p>Es ist wichtig, reife, aber nicht \u00fcberreife Fr\u00fcchte zu w\u00e4hlen und darauf zu achten, dass sie frei von Flecken und Druckstellen sind. Sie sollten auch den Geschmack und die Beschaffenheit der Fr\u00fcchte sowie den Anteil an Wasser und Zucker ber\u00fccksichtigen, den Sie f\u00fcr die perfekte Konfit\u00fcre ben\u00f6tigen. Wenn Sie diese Tipps befolgen, k\u00f6nnen Sie eine k\u00f6stliche und frische Marmelade genie\u00dfen.<\/p>\n\n<h3 class=\"wp-block-heading\">So bereiten Sie Obst der Saison f\u00fcr Ihre Marmelade zu<\/h3>\n\n<p>Die Obstsaison ist in vollem Gange, warum also nicht die Gelegenheit nutzen und k\u00f6stliche selbstgemachte Marmelade herstellen? Die richtige Zubereitung der Fr\u00fcchte ist der Schl\u00fcssel zu einer perfekten Konfit\u00fcre.<\/p>\n\n<p>Achten Sie darauf, dass Sie m\u00f6glichst frisches und reifes Obst ausw\u00e4hlen, es gut waschen und dann sch\u00e4len und in kleine St\u00fccke schneiden. Wenn Sie Fr\u00fcchte verwenden, die Kerne haben, wie z. B. Erdbeeren, m\u00fcssen Sie diese vor dem Kochen entfernen.<\/p>\n\n<p>Anschlie\u00dfend wird der Zucker zugegeben und die Mischung zum Kochen gebracht. In wenigen Schritten haben Sie eine k\u00f6stliche hausgemachte Marmelade, die Sie auf ger\u00f6stetes Brot oder frisch gebackene Kekse streichen k\u00f6nnen.<\/p>\n\n<h2 class=\"wp-block-heading\">8 einfache Rezepte f\u00fcr selbstgemachte Konfit\u00fcren mit Fr\u00fcchten der Saison<\/h2>\n\n<p>Wer genie\u00dft nicht gerne einen guten nat\u00fcrlichen Fruchtgeschmack? Wir alle wollen das! Und was gibt es Besseres als unsere hausgemachten Konfit\u00fcren mit Fr\u00fcchten der Saison. In diesem Artikel finden Sie 8 einfache und k\u00f6stliche Rezepte, die Sie bequem zu Hause zubereiten k\u00f6nnen. Von der klassischen Erdbeermarmelade bis zur \u00fcberraschenden Kombination aus Birne und Ingwer bietet jedes dieser Rezepte die M\u00f6glichkeit, Fr\u00fcchte der Saison auf einfache und schmackhafte Weise zu genie\u00dfen. Machen Sie sich bereit, Ihrer Kreativit\u00e4t freien Lauf zu lassen und Marmeladen herzustellen, die nicht nur lecker, sondern auch gesund und nat\u00fcrlich sind. An die Arbeit!<\/p>\n\n<h3 class=\"wp-block-heading\">Ideen f\u00fcr die Verwendung selbstgemachter Konfit\u00fcren in allt\u00e4glichen Rezepten und Mahlzeiten<\/h3>\n\n<p>Handwerklich hergestellte Konfit\u00fcren sind eine k\u00f6stliche M\u00f6glichkeit, Ihren t\u00e4glichen Rezepten eine zus\u00e4tzliche Geschmacksnote zu verleihen.<\/p>\n\n<p>Ob Sie sie zum S\u00fc\u00dfen Ihres morgendlichen Toasts, zum Mischen mit Joghurt oder als Topping f\u00fcr Salate und Fleisch verwenden, die M\u00f6glichkeiten sind endlos. Wie w\u00e4re es mit einem Vollkorntoast mit Frischk\u00e4se und Feigenmarmelade zum Fr\u00fchst\u00fcck? Oder ein Salat mit Tomatenmarmelade als Sauce anstelle der traditionellen Tomatensauce? Lassen Sie Ihrer kulinarischen Kreativit\u00e4t freien Lauf und entdecken Sie neue und aufregende M\u00f6glichkeiten, diese s\u00fc\u00dfen und k\u00f6stlichen Konfit\u00fcren in Ihre t\u00e4glichen Mahlzeiten einzubauen.<\/p>\n\n<h3 class=\"wp-block-heading\">Welche Art von Beh\u00e4ltern sollten Sie f\u00fcr die Aufbewahrung Ihrer selbstgemachten Marmeladenkreationen verwenden?<\/h3>\n\n<p>Wenn Sie Ihre selbstgemachte Marmelade hergestellt haben, m\u00fcssen Sie sich Gedanken dar\u00fcber machen, wie Sie sie richtig lagern, damit sie nicht verdirbt. Die Wahl des Beh\u00e4lters ist entscheidend, denn Marmelade h\u00e4lt sich am besten in luftdicht verschlossenen Gl\u00e4sern.<\/p>\n\n<p>Ideal sind Gl\u00e4ser mit Schraubdeckel und luftdichtem Verschluss, da sie das Eindringen von Luft verhindern und den Geschmack und die Konsistenz l\u00e4nger erhalten. Au\u00dferdem ist es wichtig, dass die Beh\u00e4lter gut gereinigt und trocken sind, bevor sie mit der Konfit\u00fcre gef\u00fcllt werden. W\u00e4hlen Sie also Ihre Beh\u00e4lter sorgf\u00e4ltig aus und vergewissern Sie sich, dass sie sauber und trocken sind, bevor Sie Ihre k\u00f6stlichen selbstgemachten Marmeladenkreationen aufbewahren.<\/p>\n\n<h2 class=\"wp-block-heading\">Handwerklich hergestellte Konfit\u00fcren<\/h2>\n\n<p>Alles in allem sind selbstgemachte Marmeladen eine k\u00f6stliche und flexible Erg\u00e4nzung f\u00fcr jede Speisekammer und ein tolles selbstgemachtes Geschenk.<\/p>\n\n<p>Sie k\u00f6nnen verschiedene saisonale Fr\u00fcchte f\u00fcr die Herstellung von Marmelade ausw\u00e4hlen, die Fr\u00fcchte richtig vorbereiten und dann eines der 8 einfachen Rezepte ausprobieren. Dar\u00fcber hinaus k\u00f6nnen Sie handwerklich hergestellte Konfit\u00fcren in allt\u00e4glichen Gerichten und Rezepten wie Kuchen, Toastbrot, Smoothies oder Joghurtparfaits verwenden.<\/p>\n\n<p>Achten Sie schlie\u00dflich darauf, dass Ihre Kreationen richtig aufbewahrt werden: kleine Gl\u00e4ser mit Deckel eignen sich gut!<\/p>\n\n<p>Handwerklich hergestellte Konfit\u00fcren verleihen sowohl allt\u00e4glichen Rezepten als auch besonderen Anl\u00e4ssen einen besonderen Geschmack und sind eine M\u00f6glichkeit, Menschen \u00fcber das Essen zusammenzubringen. Nehmen Sie sich also unabh\u00e4ngig von der Jahreszeit diese Woche ein paar Minuten Zeit, um Ihre eigene Marmelade zu kochen &#8211; ich verspreche Ihnen, es wird sich lohnen!<\/p>\n","protected":false},"excerpt":{"rendered":"<p>Lieben Sie den s\u00fc\u00dfen Geschmack von selbstgemachter Marmelade? Dann ist jetzt ein guter Zeitpunkt, um sich an der Herstellung von Marmelade zu versuchen.<\/p>\n","protected":false},"author":1,"featured_media":3741,"comment_status":"open","ping_status":"open","sticky":false,"template":"","format":"standard","meta":{"footnotes":""},"categories":[281],"tags":[186,551,282],"class_list":["post-3757","post","type-post","status-publish","format-standard","has-post-thumbnail","hentry","category-obst-und-gemuse-de","tag-handwerklich-hergestellte-konfituren","tag-naturliche-fruchtkonfituren","tag-obst-und-gemuse-der-saison"],"yoast_head":"<!-- This site is optimized with the Yoast SEO plugin v27.4 - https:\/\/yoast.com\/product\/yoast-seo-wordpress\/ -->\n<title>Handwerklich hergestellte Konfit\u00fcren mit Fr\u00fcchten der Saison - Pico y Tallo<\/title>\n<meta name=\"description\" content=\"Lieben Sie den s\u00fc\u00dfen Geschmack von Obst? ist es an der Zeit, selbstgemachte Marmeladen mit Fr\u00fcchten der Saison zu genie\u00dfen.\" \/>\n<meta name=\"robots\" content=\"index, follow, max-snippet:-1, max-image-preview:large, max-video-preview:-1\" \/>\n<link rel=\"canonical\" href=\"https:\/\/picoytallo.com\/de\/handwerklich-hergestellte-konfitueren-mit-fruechten-der-saison\/\" \/>\n<meta property=\"og:locale\" content=\"de_DE\" \/>\n<meta property=\"og:type\" content=\"article\" \/>\n<meta property=\"og:title\" content=\"Handwerklich hergestellte Konfit\u00fcren mit Fr\u00fcchten der Saison - Pico y Tallo\" \/>\n<meta property=\"og:description\" content=\"Lieben Sie den s\u00fc\u00dfen Geschmack von Obst? ist es an der Zeit, selbstgemachte Marmeladen mit Fr\u00fcchten der Saison zu genie\u00dfen.\" \/>\n<meta property=\"og:url\" content=\"https:\/\/picoytallo.com\/de\/handwerklich-hergestellte-konfitueren-mit-fruechten-der-saison\/\" \/>\n<meta property=\"og:site_name\" content=\"Pico y Tallo\" \/>\n<meta property=\"article:published_time\" content=\"2023-05-07T21:02:27+00:00\" \/>\n<meta property=\"article:modified_time\" content=\"2023-05-19T16:00:29+00:00\" \/>\n<meta property=\"og:image\" content=\"https:\/\/picoytallo.com\/wp-content\/uploads\/2023\/05\/Mermeladas-artesanas-de-fruta-temporada.webp\" \/>\n\t<meta property=\"og:image:width\" content=\"1200\" \/>\n\t<meta property=\"og:image:height\" content=\"1200\" \/>\n\t<meta property=\"og:image:type\" content=\"image\/webp\" \/>\n<meta name=\"author\" content=\"Miriam Agu\" \/>\n<meta name=\"twitter:card\" content=\"summary_large_image\" \/>\n<meta name=\"twitter:label1\" content=\"Verfasst von\" \/>\n\t<meta name=\"twitter:data1\" content=\"Miriam Agu\" \/>\n\t<meta name=\"twitter:label2\" content=\"Gesch\u00e4tzte Lesezeit\" \/>\n\t<meta name=\"twitter:data2\" content=\"5\u00a0Minuten\" \/>\n<script type=\"application\/ld+json\" class=\"yoast-schema-graph\">{\"@context\":\"https:\\\/\\\/schema.org\",\"@graph\":[{\"@type\":\"Article\",\"@id\":\"https:\\\/\\\/picoytallo.com\\\/de\\\/handwerklich-hergestellte-konfitueren-mit-fruechten-der-saison\\\/#article\",\"isPartOf\":{\"@id\":\"https:\\\/\\\/picoytallo.com\\\/de\\\/handwerklich-hergestellte-konfitueren-mit-fruechten-der-saison\\\/\"},\"author\":{\"name\":\"Miriam Agu\",\"@id\":\"https:\\\/\\\/picoytallo.com\\\/de\\\/#\\\/schema\\\/person\\\/63a6fb440bda597e6914080868ac2699\"},\"headline\":\"Handwerklich hergestellte Konfit\u00fcren mit Fr\u00fcchten der Saison\",\"datePublished\":\"2023-05-07T21:02:27+00:00\",\"dateModified\":\"2023-05-19T16:00:29+00:00\",\"mainEntityOfPage\":{\"@id\":\"https:\\\/\\\/picoytallo.com\\\/de\\\/handwerklich-hergestellte-konfitueren-mit-fruechten-der-saison\\\/\"},\"wordCount\":1014,\"commentCount\":0,\"publisher\":{\"@id\":\"https:\\\/\\\/picoytallo.com\\\/de\\\/#organization\"},\"image\":{\"@id\":\"https:\\\/\\\/picoytallo.com\\\/de\\\/handwerklich-hergestellte-konfitueren-mit-fruechten-der-saison\\\/#primaryimage\"},\"thumbnailUrl\":\"https:\\\/\\\/picoytallo.com\\\/wp-content\\\/uploads\\\/2023\\\/05\\\/Mermeladas-artesanas-de-fruta-temporada.webp\",\"keywords\":[\"Handwerklich hergestellte Konfit\u00fcren\",\"Nat\u00fcrliche Fruchtkonfit\u00fcren\",\"Obst und Gem\u00fcse der Saison\"],\"articleSection\":[\"Obst und Gem\u00fcse\"],\"inLanguage\":\"de\",\"potentialAction\":[{\"@type\":\"CommentAction\",\"name\":\"Comment\",\"target\":[\"https:\\\/\\\/picoytallo.com\\\/de\\\/handwerklich-hergestellte-konfitueren-mit-fruechten-der-saison\\\/#respond\"]}]},{\"@type\":\"WebPage\",\"@id\":\"https:\\\/\\\/picoytallo.com\\\/de\\\/handwerklich-hergestellte-konfitueren-mit-fruechten-der-saison\\\/\",\"url\":\"https:\\\/\\\/picoytallo.com\\\/de\\\/handwerklich-hergestellte-konfitueren-mit-fruechten-der-saison\\\/\",\"name\":\"Handwerklich hergestellte Konfit\u00fcren mit Fr\u00fcchten der Saison - Pico y Tallo\",\"isPartOf\":{\"@id\":\"https:\\\/\\\/picoytallo.com\\\/de\\\/#website\"},\"primaryImageOfPage\":{\"@id\":\"https:\\\/\\\/picoytallo.com\\\/de\\\/handwerklich-hergestellte-konfitueren-mit-fruechten-der-saison\\\/#primaryimage\"},\"image\":{\"@id\":\"https:\\\/\\\/picoytallo.com\\\/de\\\/handwerklich-hergestellte-konfitueren-mit-fruechten-der-saison\\\/#primaryimage\"},\"thumbnailUrl\":\"https:\\\/\\\/picoytallo.com\\\/wp-content\\\/uploads\\\/2023\\\/05\\\/Mermeladas-artesanas-de-fruta-temporada.webp\",\"datePublished\":\"2023-05-07T21:02:27+00:00\",\"dateModified\":\"2023-05-19T16:00:29+00:00\",\"description\":\"Lieben Sie den s\u00fc\u00dfen Geschmack von Obst? ist es an der Zeit, selbstgemachte Marmeladen mit Fr\u00fcchten der Saison zu genie\u00dfen.\",\"breadcrumb\":{\"@id\":\"https:\\\/\\\/picoytallo.com\\\/de\\\/handwerklich-hergestellte-konfitueren-mit-fruechten-der-saison\\\/#breadcrumb\"},\"inLanguage\":\"de\",\"potentialAction\":[{\"@type\":\"ReadAction\",\"target\":[\"https:\\\/\\\/picoytallo.com\\\/de\\\/handwerklich-hergestellte-konfitueren-mit-fruechten-der-saison\\\/\"]}]},{\"@type\":\"ImageObject\",\"inLanguage\":\"de\",\"@id\":\"https:\\\/\\\/picoytallo.com\\\/de\\\/handwerklich-hergestellte-konfitueren-mit-fruechten-der-saison\\\/#primaryimage\",\"url\":\"https:\\\/\\\/picoytallo.com\\\/wp-content\\\/uploads\\\/2023\\\/05\\\/Mermeladas-artesanas-de-fruta-temporada.webp\",\"contentUrl\":\"https:\\\/\\\/picoytallo.com\\\/wp-content\\\/uploads\\\/2023\\\/05\\\/Mermeladas-artesanas-de-fruta-temporada.webp\",\"width\":1200,\"height\":1200,\"caption\":\"Mermeladas de fruta de temporada\"},{\"@type\":\"BreadcrumbList\",\"@id\":\"https:\\\/\\\/picoytallo.com\\\/de\\\/handwerklich-hergestellte-konfitueren-mit-fruechten-der-saison\\\/#breadcrumb\",\"itemListElement\":[{\"@type\":\"ListItem\",\"position\":1,\"name\":\"Portada\",\"item\":\"https:\\\/\\\/picoytallo.com\\\/de\\\/\"},{\"@type\":\"ListItem\",\"position\":2,\"name\":\"Handwerklich hergestellte Konfit\u00fcren mit Fr\u00fcchten der Saison\"}]},{\"@type\":\"WebSite\",\"@id\":\"https:\\\/\\\/picoytallo.com\\\/de\\\/#website\",\"url\":\"https:\\\/\\\/picoytallo.com\\\/de\\\/\",\"name\":\"Pico y Tallo\",\"description\":\"Productos Gourmet Online\",\"publisher\":{\"@id\":\"https:\\\/\\\/picoytallo.com\\\/de\\\/#organization\"},\"potentialAction\":[{\"@type\":\"SearchAction\",\"target\":{\"@type\":\"EntryPoint\",\"urlTemplate\":\"https:\\\/\\\/picoytallo.com\\\/de\\\/?s={search_term_string}\"},\"query-input\":{\"@type\":\"PropertyValueSpecification\",\"valueRequired\":true,\"valueName\":\"search_term_string\"}}],\"inLanguage\":\"de\"},{\"@type\":\"Organization\",\"@id\":\"https:\\\/\\\/picoytallo.com\\\/de\\\/#organization\",\"name\":\"Pico y Tallo\",\"url\":\"https:\\\/\\\/picoytallo.com\\\/de\\\/\",\"logo\":{\"@type\":\"ImageObject\",\"inLanguage\":\"de\",\"@id\":\"https:\\\/\\\/picoytallo.com\\\/de\\\/#\\\/schema\\\/logo\\\/image\\\/\",\"url\":\"https:\\\/\\\/picoytallo.com\\\/wp-content\\\/uploads\\\/2022\\\/03\\\/cropped-Productos-gourmet-picotallo.webp\",\"contentUrl\":\"https:\\\/\\\/picoytallo.com\\\/wp-content\\\/uploads\\\/2022\\\/03\\\/cropped-Productos-gourmet-picotallo.webp\",\"width\":1194,\"height\":314,\"caption\":\"Pico y Tallo\"},\"image\":{\"@id\":\"https:\\\/\\\/picoytallo.com\\\/de\\\/#\\\/schema\\\/logo\\\/image\\\/\"}},{\"@type\":\"Person\",\"@id\":\"https:\\\/\\\/picoytallo.com\\\/de\\\/#\\\/schema\\\/person\\\/63a6fb440bda597e6914080868ac2699\",\"name\":\"Miriam Agu\",\"image\":{\"@type\":\"ImageObject\",\"inLanguage\":\"de\",\"@id\":\"https:\\\/\\\/picoytallo.com\\\/wp-content\\\/litespeed\\\/avatar\\\/0f55be667cb12c6c887184d57a24c91d.jpg?ver=1777373351\",\"url\":\"https:\\\/\\\/picoytallo.com\\\/wp-content\\\/litespeed\\\/avatar\\\/0f55be667cb12c6c887184d57a24c91d.jpg?ver=1777373351\",\"contentUrl\":\"https:\\\/\\\/picoytallo.com\\\/wp-content\\\/litespeed\\\/avatar\\\/0f55be667cb12c6c887184d57a24c91d.jpg?ver=1777373351\",\"caption\":\"Miriam Agu\"},\"url\":\"https:\\\/\\\/picoytallo.com\\\/de\\\/author\\\/adminpico\\\/\"}]}<\/script>\n<!-- \/ Yoast SEO plugin. -->","yoast_head_json":{"title":"Handwerklich hergestellte Konfit\u00fcren mit Fr\u00fcchten der Saison - Pico y Tallo","description":"Lieben Sie den s\u00fc\u00dfen Geschmack von Obst? ist es an der Zeit, selbstgemachte Marmeladen mit Fr\u00fcchten der Saison zu genie\u00dfen.","robots":{"index":"index","follow":"follow","max-snippet":"max-snippet:-1","max-image-preview":"max-image-preview:large","max-video-preview":"max-video-preview:-1"},"canonical":"https:\/\/picoytallo.com\/de\/handwerklich-hergestellte-konfitueren-mit-fruechten-der-saison\/","og_locale":"de_DE","og_type":"article","og_title":"Handwerklich hergestellte Konfit\u00fcren mit Fr\u00fcchten der Saison - Pico y Tallo","og_description":"Lieben Sie den s\u00fc\u00dfen Geschmack von Obst? ist es an der Zeit, selbstgemachte Marmeladen mit Fr\u00fcchten der Saison zu genie\u00dfen.","og_url":"https:\/\/picoytallo.com\/de\/handwerklich-hergestellte-konfitueren-mit-fruechten-der-saison\/","og_site_name":"Pico y Tallo","article_published_time":"2023-05-07T21:02:27+00:00","article_modified_time":"2023-05-19T16:00:29+00:00","og_image":[{"width":1200,"height":1200,"url":"https:\/\/picoytallo.com\/wp-content\/uploads\/2023\/05\/Mermeladas-artesanas-de-fruta-temporada.webp","type":"image\/webp"}],"author":"Miriam Agu","twitter_card":"summary_large_image","twitter_misc":{"Verfasst von":"Miriam Agu","Gesch\u00e4tzte Lesezeit":"5\u00a0Minuten"},"schema":{"@context":"https:\/\/schema.org","@graph":[{"@type":"Article","@id":"https:\/\/picoytallo.com\/de\/handwerklich-hergestellte-konfitueren-mit-fruechten-der-saison\/#article","isPartOf":{"@id":"https:\/\/picoytallo.com\/de\/handwerklich-hergestellte-konfitueren-mit-fruechten-der-saison\/"},"author":{"name":"Miriam Agu","@id":"https:\/\/picoytallo.com\/de\/#\/schema\/person\/63a6fb440bda597e6914080868ac2699"},"headline":"Handwerklich hergestellte Konfit\u00fcren mit Fr\u00fcchten der Saison","datePublished":"2023-05-07T21:02:27+00:00","dateModified":"2023-05-19T16:00:29+00:00","mainEntityOfPage":{"@id":"https:\/\/picoytallo.com\/de\/handwerklich-hergestellte-konfitueren-mit-fruechten-der-saison\/"},"wordCount":1014,"commentCount":0,"publisher":{"@id":"https:\/\/picoytallo.com\/de\/#organization"},"image":{"@id":"https:\/\/picoytallo.com\/de\/handwerklich-hergestellte-konfitueren-mit-fruechten-der-saison\/#primaryimage"},"thumbnailUrl":"https:\/\/picoytallo.com\/wp-content\/uploads\/2023\/05\/Mermeladas-artesanas-de-fruta-temporada.webp","keywords":["Handwerklich hergestellte Konfit\u00fcren","Nat\u00fcrliche Fruchtkonfit\u00fcren","Obst und Gem\u00fcse der Saison"],"articleSection":["Obst und Gem\u00fcse"],"inLanguage":"de","potentialAction":[{"@type":"CommentAction","name":"Comment","target":["https:\/\/picoytallo.com\/de\/handwerklich-hergestellte-konfitueren-mit-fruechten-der-saison\/#respond"]}]},{"@type":"WebPage","@id":"https:\/\/picoytallo.com\/de\/handwerklich-hergestellte-konfitueren-mit-fruechten-der-saison\/","url":"https:\/\/picoytallo.com\/de\/handwerklich-hergestellte-konfitueren-mit-fruechten-der-saison\/","name":"Handwerklich hergestellte Konfit\u00fcren mit Fr\u00fcchten der Saison - Pico y Tallo","isPartOf":{"@id":"https:\/\/picoytallo.com\/de\/#website"},"primaryImageOfPage":{"@id":"https:\/\/picoytallo.com\/de\/handwerklich-hergestellte-konfitueren-mit-fruechten-der-saison\/#primaryimage"},"image":{"@id":"https:\/\/picoytallo.com\/de\/handwerklich-hergestellte-konfitueren-mit-fruechten-der-saison\/#primaryimage"},"thumbnailUrl":"https:\/\/picoytallo.com\/wp-content\/uploads\/2023\/05\/Mermeladas-artesanas-de-fruta-temporada.webp","datePublished":"2023-05-07T21:02:27+00:00","dateModified":"2023-05-19T16:00:29+00:00","description":"Lieben Sie den s\u00fc\u00dfen Geschmack von Obst? ist es an der Zeit, selbstgemachte Marmeladen mit Fr\u00fcchten der Saison zu genie\u00dfen.","breadcrumb":{"@id":"https:\/\/picoytallo.com\/de\/handwerklich-hergestellte-konfitueren-mit-fruechten-der-saison\/#breadcrumb"},"inLanguage":"de","potentialAction":[{"@type":"ReadAction","target":["https:\/\/picoytallo.com\/de\/handwerklich-hergestellte-konfitueren-mit-fruechten-der-saison\/"]}]},{"@type":"ImageObject","inLanguage":"de","@id":"https:\/\/picoytallo.com\/de\/handwerklich-hergestellte-konfitueren-mit-fruechten-der-saison\/#primaryimage","url":"https:\/\/picoytallo.com\/wp-content\/uploads\/2023\/05\/Mermeladas-artesanas-de-fruta-temporada.webp","contentUrl":"https:\/\/picoytallo.com\/wp-content\/uploads\/2023\/05\/Mermeladas-artesanas-de-fruta-temporada.webp","width":1200,"height":1200,"caption":"Mermeladas de fruta de temporada"},{"@type":"BreadcrumbList","@id":"https:\/\/picoytallo.com\/de\/handwerklich-hergestellte-konfitueren-mit-fruechten-der-saison\/#breadcrumb","itemListElement":[{"@type":"ListItem","position":1,"name":"Portada","item":"https:\/\/picoytallo.com\/de\/"},{"@type":"ListItem","position":2,"name":"Handwerklich hergestellte Konfit\u00fcren mit Fr\u00fcchten der Saison"}]},{"@type":"WebSite","@id":"https:\/\/picoytallo.com\/de\/#website","url":"https:\/\/picoytallo.com\/de\/","name":"Pico y Tallo","description":"Productos Gourmet Online","publisher":{"@id":"https:\/\/picoytallo.com\/de\/#organization"},"potentialAction":[{"@type":"SearchAction","target":{"@type":"EntryPoint","urlTemplate":"https:\/\/picoytallo.com\/de\/?s={search_term_string}"},"query-input":{"@type":"PropertyValueSpecification","valueRequired":true,"valueName":"search_term_string"}}],"inLanguage":"de"},{"@type":"Organization","@id":"https:\/\/picoytallo.com\/de\/#organization","name":"Pico y Tallo","url":"https:\/\/picoytallo.com\/de\/","logo":{"@type":"ImageObject","inLanguage":"de","@id":"https:\/\/picoytallo.com\/de\/#\/schema\/logo\/image\/","url":"https:\/\/picoytallo.com\/wp-content\/uploads\/2022\/03\/cropped-Productos-gourmet-picotallo.webp","contentUrl":"https:\/\/picoytallo.com\/wp-content\/uploads\/2022\/03\/cropped-Productos-gourmet-picotallo.webp","width":1194,"height":314,"caption":"Pico y Tallo"},"image":{"@id":"https:\/\/picoytallo.com\/de\/#\/schema\/logo\/image\/"}},{"@type":"Person","@id":"https:\/\/picoytallo.com\/de\/#\/schema\/person\/63a6fb440bda597e6914080868ac2699","name":"Miriam Agu","image":{"@type":"ImageObject","inLanguage":"de","@id":"https:\/\/picoytallo.com\/wp-content\/litespeed\/avatar\/0f55be667cb12c6c887184d57a24c91d.jpg?ver=1777373351","url":"https:\/\/picoytallo.com\/wp-content\/litespeed\/avatar\/0f55be667cb12c6c887184d57a24c91d.jpg?ver=1777373351","contentUrl":"https:\/\/picoytallo.com\/wp-content\/litespeed\/avatar\/0f55be667cb12c6c887184d57a24c91d.jpg?ver=1777373351","caption":"Miriam Agu"},"url":"https:\/\/picoytallo.com\/de\/author\/adminpico\/"}]}},"_links":{"self":[{"href":"https:\/\/picoytallo.com\/de\/wp-json\/wp\/v2\/posts\/3757","targetHints":{"allow":["GET"]}}],"collection":[{"href":"https:\/\/picoytallo.com\/de\/wp-json\/wp\/v2\/posts"}],"about":[{"href":"https:\/\/picoytallo.com\/de\/wp-json\/wp\/v2\/types\/post"}],"author":[{"embeddable":true,"href":"https:\/\/picoytallo.com\/de\/wp-json\/wp\/v2\/users\/1"}],"replies":[{"embeddable":true,"href":"https:\/\/picoytallo.com\/de\/wp-json\/wp\/v2\/comments?post=3757"}],"version-history":[{"count":0,"href":"https:\/\/picoytallo.com\/de\/wp-json\/wp\/v2\/posts\/3757\/revisions"}],"wp:featuredmedia":[{"embeddable":true,"href":"https:\/\/picoytallo.com\/de\/wp-json\/wp\/v2\/media\/3741"}],"wp:attachment":[{"href":"https:\/\/picoytallo.com\/de\/wp-json\/wp\/v2\/media?parent=3757"}],"wp:term":[{"taxonomy":"category","embeddable":true,"href":"https:\/\/picoytallo.com\/de\/wp-json\/wp\/v2\/categories?post=3757"},{"taxonomy":"post_tag","embeddable":true,"href":"https:\/\/picoytallo.com\/de\/wp-json\/wp\/v2\/tags?post=3757"}],"curies":[{"name":"wp","href":"https:\/\/api.w.org\/{rel}","templated":true}]}}