{"id":7556,"date":"2025-06-24T07:52:47","date_gmt":"2025-06-24T05:52:47","guid":{"rendered":"https:\/\/picoytallo.com\/zeit-obst-und-gemuese-direkt-vom-bauern-zu-kaufen\/"},"modified":"2025-06-24T09:31:36","modified_gmt":"2025-06-24T07:31:36","slug":"zeit-obst-und-gemuese-direkt-vom-bauern-zu-kaufen","status":"publish","type":"post","link":"https:\/\/picoytallo.com\/de\/zeit-obst-und-gemuese-direkt-vom-bauern-zu-kaufen\/","title":{"rendered":"Zeit, Obst und Gem\u00fcse direkt vom Bauern zu kaufen"},"content":{"rendered":"\n<p>die direkte Verbindung zwischen Verbrauchern und lokalen Landwirten gewinnt an Bedeutung. Der Kauf von Obst und Gem\u00fcse direkt beim Erzeuger garantiert nicht nur eine h\u00f6here Qualit\u00e4t und frischere Produkte, sondern kurbelt auch die lokale Wirtschaft an, f\u00f6rdert die Nachhaltigkeit und regt zu einem bewussteren Konsumverhalten an. <\/p>\n\n<p>In diesem Artikel wird eingehend untersucht, warum diese Praxis sowohl f\u00fcr Verbraucher als auch f\u00fcr Fachleute aus den Bereichen Landwirtschaft, Gastronomie und Nachhaltigkeit wichtig ist und wie sie unsere Beziehung zu Lebensmitteln ver\u00e4ndern kann.<\/p>\n\n<h2 class=\"wp-block-heading\">Die hervorragende Qualit\u00e4t der Produkte direkt vom Feld<\/h2>\n\n<p>Wenn Sie Obst und Gem\u00fcse im Supermarkt kaufen, ist es wahrscheinlich, dass diese Produkte Tausende von Kilometern zur\u00fcckgelegt haben und wochenlang in K\u00fchlh\u00e4usern gelagert wurden.<\/p>\n\n<p>Dieses Verfahren ist zwar f\u00fcr den Massenvertrieb effizient, <strong>beeintr\u00e4chtigt<\/strong> aber <strong>die Produktqualit\u00e4t erheblich<\/strong>. Wenn Sie dagegen direkt bei den Landwirten kaufen, ist sichergestellt, dass <a href=\"https:\/\/picoytallo.com\/de\/obst-und-gemuese-der-saison\/\" target=\"_blank\" rel=\"noreferrer noopener\">das Obst und Gem\u00fcse in optimalem Reifezustand auf Ihren Tisch kommt<\/a> und seinen Geschmack, seine Textur und seinen N\u00e4hrwert beh\u00e4lt. <\/p>\n\n<p>Lokale Landwirte ernten ihre Produkte oft erst kurz vor dem Verkauf, wodurch die Zeit zwischen Ernte und Verzehr minimiert wird. Eine Tomate, die zum Zeitpunkt der h\u00f6chsten Reife geerntet wird, hat beispielsweise einen intensiveren Geschmack und eine h\u00f6here Konzentration an N\u00e4hrstoffen wie Lycopin, einem wichtigen Antioxidans. <\/p>\n\n<p>Studien haben gezeigt, dass Obst und Gem\u00fcse, das weniger lange gelagert wurde, bis zu 20% <a href=\"https:\/\/picoytallo.com\/de\/naranjas-online-orangen-vom-bauern-kaufen\/\" target=\"_blank\" rel=\"noreferrer noopener\">mehr Vitamine wie C<\/a> und A enth\u00e4lt als solches, das \u00fcber lange Strecken transportiert wurde.<\/p>\n\n<p>Dar\u00fcber hinaus bauen lokale Erzeuger oft einheimische oder alte Sorten an, die aufgrund ihrer Empfindlichkeit oder k\u00fcrzeren Haltbarkeit nicht immer f\u00fcr die Massenproduktion geeignet sind. Diese Sorten bieten einzigartige Aromen und eine genetische Vielfalt, die sowohl die Gastronomie als auch die landwirtschaftliche Artenvielfalt bereichern. <\/p>\n\n<p>F\u00fcr K\u00f6che und Gastronomen ist die Arbeit mit diesen Zutaten eine Gelegenheit, ihre kulinarischen Kreationen zu verbessern, w\u00e4hrend sie f\u00fcr die Verbraucher ein unvergleichliches sensorisches Erlebnis darstellen.<\/p>\n\n<h3 class=\"wp-block-heading\">Wirtschaftliche Vorteile f\u00fcr lokale Erzeuger<\/h3>\n\n<p>Der direkte Kauf bei den Landwirten hat erhebliche wirtschaftliche Auswirkungen auf die lokalen Gemeinschaften. Beim traditionellen Vertriebsmodell erhalten die Erzeuger oft nur einen Bruchteil des vom Verbraucher gezahlten Endpreises, da Zwischenh\u00e4ndler wie Gro\u00dfh\u00e4ndler und Superm\u00e4rkte einen gro\u00dfen Teil der Marge einbehalten. Im Gegensatz dazu erm\u00f6glicht der Direktverkauf den Landwirten ein gerechteres Einkommen f\u00fcr ihre Arbeit und hilft ihnen, ihren Betrieb aufrechtzuerhalten und in ihre Ernten zu investieren.  <\/p>\n\n<p>Dieses Modell f\u00f6rdert auch die Schaffung von Arbeitspl\u00e4tzen in l\u00e4ndlichen Gebieten. Kleine Familienbetriebe, die oft mit gro\u00dfen Agrarunternehmen konkurrieren m\u00fcssen, k\u00f6nnen ihr Einkommen diversifizieren, indem sie direkt \u00fcber lokale M\u00e4rkte, Genossenschaften oder digitale Plattformen verkaufen. Nach Angaben der Ern\u00e4hrungs- und Landwirtschaftsorganisation der Vereinten Nationen (FAO) k\u00f6nnen kurze Lieferketten das Einkommen der Landwirte um bis zu 50 % steigern und so zur wirtschaftlichen Stabilit\u00e4t der l\u00e4ndlichen Gemeinden beitragen.  <\/p>\n\n<p>F\u00fcr Agrar\u00f6konomen stellt dieser Ansatz eine M\u00f6glichkeit dar, Lebensmittelsysteme in Richtung gerechterer Modelle umzugestalten. Durch den Wegfall von Zwischenh\u00e4ndlern wird die Abh\u00e4ngigkeit der Erzeuger von globalen Marktschwankungen verringert und die Widerstandsf\u00e4higkeit der lokalen Wirtschaft gegen\u00fcber Schocks wie Unterbrechungen der globalen Lieferketten gest\u00e4rkt. <\/p>\n\n<div data-wp-context=\"{&quot;notices&quot;:[],&quot;hideNextPreviousButtons&quot;:false,&quot;isDisabledPrevious&quot;:true,&quot;isDisabledNext&quot;:false,&quot;ariaLabelPrevious&quot;:&quot;Vorherige Produkte&quot;,&quot;ariaLabelNext&quot;:&quot;N\\u00e4chste Produkte&quot;,&quot;collection&quot;:&quot;woocommerce\\\/product-collection\\\/hand-picked&quot;}\" data-wp-init=\"callbacks.onRender\" data-wp-interactive=\"woocommerce\/product-collection\" data-wp-router-region=\"wc-product-collection-2\" data-__private-preview-state=\"{&quot;isPreview&quot;:false,&quot;previewMessage&quot;:&quot;Los productos reales pueden diferir en funci\\u00f3n de la p\\u00e1gina en la que se est\\u00e9n viendo.&quot;}\" data-block-name=\"woocommerce\/product-collection\" data-collection=\"woocommerce\/product-collection\/hand-picked\" data-dimensions=\"{&quot;widthType&quot;:&quot;fill&quot;}\" data-display-layout=\"{&quot;type&quot;:&quot;flex&quot;,&quot;columns&quot;:5,&quot;shrinkColumns&quot;:true}\" data-hide-controls=\"[&quot;inherit&quot;,&quot;hand-picked&quot;,&quot;filterable&quot;,&quot;order&quot;]\" data-query-context-includes=\"[&quot;collection&quot;]\" data-query-id=\"2\" data-query=\"{&quot;perPage&quot;:9,&quot;pages&quot;:0,&quot;offset&quot;:0,&quot;postType&quot;:&quot;product&quot;,&quot;order&quot;:&quot;asc&quot;,&quot;orderBy&quot;:&quot;post__in&quot;,&quot;search&quot;:&quot;&quot;,&quot;exclude&quot;:[],&quot;inherit&quot;:false,&quot;taxQuery&quot;:[],&quot;isProductCollectionBlock&quot;:true,&quot;featured&quot;:false,&quot;woocommerceOnSale&quot;:false,&quot;woocommerceStockStatus&quot;:[&quot;instock&quot;,&quot;outofstock&quot;,&quot;onbackorder&quot;],&quot;woocommerceAttributes&quot;:[],&quot;woocommerceHandPickedProducts&quot;:[&quot;4567&quot;,&quot;6204&quot;,&quot;4452&quot;,&quot;4427&quot;],&quot;filterable&quot;:false,&quot;relatedBy&quot;:{&quot;categories&quot;:true,&quot;tags&quot;:true}}\" data-tag-name=\"div\" class=\"wp-block-woocommerce-product-collection is-layout-flow wp-block-woocommerce-product-collection-is-layout-flow\">\t\t<div data-wp-interactive=\"woocommerce\/store-notices\" class=\"wc-block-components-notices alignwide\">\r\n\t\t\t<template data-wp-each--notice=\"state.notices\" data-wp-each-key=\"context.notice.id\">\r\n\t\t\t\t<div\r\n\t\t\t\t\tclass=\"wc-block-components-notice-banner\"\r\n\t\t\t\t\tdata-wp-init=\"callbacks.scrollIntoView\"\r\n\t\t\t\t\tdata-wp-class--is-error=\"state.isError\"\r\n\t\t\t\t\tdata-wp-class--is-success =\"state.isSuccess\"\r\n\t\t\t\t\tdata-wp-class--is-info=\"state.isInfo\"\r\n\t\t\t\t\tdata-wp-class--is-dismissible=\"context.notice.dismissible\"\r\n\t\t\t\t\tdata-wp-bind--role=\"state.role\"\r\n\t\t\t\t>\r\n\t\t\t\t\t<svg xmlns=\"http:\/\/www.w3.org\/2000\/svg\" viewBox=\"0 0 24 24\" width=\"24\" height=\"24\" aria-hidden=\"true\" focusable=\"false\">\r\n\t\t\t\t\t\t<path data-wp-bind--d=\"state.iconPath\"><\/path>\r\n\t\t\t\t\t<\/svg>\r\n\t\t\t\t\t<div class=\"wc-block-components-notice-banner__content\">\r\n\t\t\t\t\t\t<span data-wp-init=\"callbacks.renderNoticeContent\" aria-live=\"assertive\" aria-atomic=\"true\"><\/span>\r\n\t\t\t\t\t<\/div>\r\n\t\t\t\t\t<button\r\n\t\t\t\t\t\tdata-wp-bind--hidden=\"!context.notice.dismissible\"\r\n\t\t\t\t\t\tclass=\"wc-block-components-button wp-element-button wc-block-components-notice-banner__dismiss contained\"\r\n\t\t\t\t\t\taria-label=\"Diesen Hinweis verwerfen\"\r\n\t\t\t\t\t\tdata-wp-on--click=\"actions.removeNotice\"\r\n\t\t\t\t\t>\r\n\t\t\t\t\t\t<svg xmlns=\"http:\/\/www.w3.org\/2000\/svg\" viewBox=\"0 0 24 24\">\r\n\t\t\t\t\t\t\t<path d=\"M13 11.8l6.1-6.3-1-1-6.1 6.2-6.1-6.2-1 1 6.1 6.3-6.5 6.7 1 1 6.5-6.6 6.5 6.6 1-1z\" \/>\r\n\t\t\t\t\t\t<\/svg>\r\n\t\t\t\t\t<\/button>\r\n\t\t\t\t<\/div>\r\n\t\t\t<\/template>\r\n\t\t<\/div>\r\n\t\t\n<h2 class=\"wp-block-heading has-text-align-center\" style=\"margin-bottom:1rem\">Empfohlene Produkte<\/h2>\n\n\n<ul data-block-name=\"woocommerce\/product-template\" class=\"wc-block-product-template__responsive columns-5 wc-block-product-template wp-block-woocommerce-product-template is-layout-flow wp-block-woocommerce-product-template-is-layout-flow\" data-wp-on--scroll=\"actions.watchScroll\" data-wp-init=\"callbacks.initResizeObserver\"><li class=\"wc-block-product post-4592 product type-product status-publish has-post-thumbnail product_cat-fruchte product_cat-orangen product_tag-fruchte product_tag-orangen product_tag-orangen-aus-valencia product_tag-orangen-online product_tag-valencianische-orangen first instock shipping-taxable purchasable product-type-variable\"\r\n\t\t\t\t\t\r\n\t\t\t\tdata-wp-interactive=\"woocommerce\/product-collection\"\r\n\t\t\t\tdata-wp-context='{\"productId\":4592}'\r\n\t\t\t\tdata-wp-key=\"product-item-4592\"\r\n\t\t\t\r\n\t\t\t\t>\r\n\t\t\t\t\t\n<div data-block-name=\"woocommerce\/product-image\" data-image-sizing=\"thumbnail\" data-is-descendent-of-query-loop=\"true\" class=\"wc-block-components-product-image wc-block-grid__product-image wc-block-components-product-image--aspect-ratio-auto wp-block-woocommerce-product-image\"><a href=\"https:\/\/picoytallo.com\/de\/producto\/comprar-naranjas-valencia-online\/\" style=\"\" data-wp-on--click=\"woocommerce\/product-collection::actions.viewProduct\"><img fetchpriority=\"high\" decoding=\"async\" width=\"291\" height=\"291\" src=\"https:\/\/picoytallo.com\/wp-content\/uploads\/2024\/09\/Comprar-naranja-valencia-291x291.webp\" class=\"attachment-woocommerce_thumbnail size-woocommerce_thumbnail\" alt=\"Comprar naranja valenciana\" data-testid=\"product-image\" data-image-id=\"4575\" style=\"object-fit:cover;\" \/><div class=\"wc-block-components-product-image__inner-container\"><\/div><\/a><\/div>\n\n<h3 style=\"margin-bottom:0.75rem;margin-top:0;\" class=\"has-text-align-center wp-block-post-title has-medium-font-size\"><a data-wp-on--click=\"woocommerce\/product-collection::actions.viewProduct\" href=\"https:\/\/picoytallo.com\/de\/producto\/comprar-naranjas-valencia-online\/\" target=\"_self\" >Orangen aus Valencia<\/a><\/h3>\n\n<div data-block-name=\"woocommerce\/product-price\" data-font-size=\"small\" data-is-descendent-of-query-loop=\"true\" data-text-align=\"center\" class=\"has-font-size has-small-font-size has-text-align-center wp-block-woocommerce-product-price has-small-font-size\" ><div class=\"wc-block-components-product-price wc-block-grid__product-price\" >\r\n\t\t\t\t\t<span class=\"woocommerce-Price-amount amount\" aria-hidden=\"true\"><bdi>3,99<span class=\"woocommerce-Price-currencySymbol\">&euro;<\/span><\/bdi><\/span> <span aria-hidden=\"true\"> \u2013 <\/span> <span class=\"woocommerce-Price-amount amount\" aria-hidden=\"true\"><bdi>12,90<span class=\"woocommerce-Price-currencySymbol\">&euro;<\/span><\/bdi><\/span><span class=\"screen-reader-text\">Preisspanne: 3,99&euro; bis 12,90&euro;<\/span>\r\n\t\t\t\t<\/div><\/div>\n\n<div data-block-name=\"woocommerce\/product-button\" data-font-size=\"small\" data-is-descendent-of-query-loop=\"true\" data-text-align=\"center\" class=\"wp-block-button wc-block-components-product-button   align-center wp-block-woocommerce-product-button has-small-font-size\"\r\n\t\t\t\t\t\r\n\t\t\t\t\tdata-wp-context='{\"quantityToAdd\":1,\"productId\":4592,\"productType\":\"variable\",\"addToCartText\":\"Ausf\\u00fchrung w\\u00e4hlen\",\"tempQuantity\":0,\"animationStatus\":\"IDLE\",\"inTheCartText\":\"### im Warenkorb\",\"noticeId\":\"\",\"hasPressedButton\":false}'\r\n\t\t\t\t>\r\n\t\t\t\t\t<a\r\n\t\t\t\t\t\tclass=\"wp-block-button__link wp-element-button wc-block-components-product-button__button add_to_cart_button product_type_variable has-font-size has-small-font-size has-text-align-center wc-interactive\"\r\n\t\t\t\t\t\tstyle=\"\"\r\n\t\t\t\t\t\thref=\"https:\/\/picoytallo.com\/de\/producto\/comprar-naranjas-valencia-online\/\" rel=\"nofollow\" data-product_id=\"4592\" data-product_sku=\"\" aria-label=\"W\u00e4hle Optionen f\u00fcr \u201eOrangen aus Valencia\u201c\"\r\n\t\t\t\t\t\tdata-wp-on--click=\"woocommerce\/product-collection::actions.viewProduct\"\r\n\t\t\t\t\t>\r\n\t\t\t\t\t<span >Ausf\u00fchrung w\u00e4hlen<\/span>\r\n\t\t\t\t\t<\/a>\r\n\t\t\t\t\t\r\n\t\t\t\t<\/div>\n\r\n\t\t\t\t<\/li><li class=\"wc-block-product post-6613 product type-product status-publish has-post-thumbnail product_cat-gemuse product_cat-kartoffel product_tag-gartenkartoffel product_tag-saure-kartoffel  instock shipping-taxable purchasable product-type-variable\"\r\n\t\t\t\t\t\r\n\t\t\t\tdata-wp-interactive=\"woocommerce\/product-collection\"\r\n\t\t\t\tdata-wp-context='{\"productId\":6613}'\r\n\t\t\t\tdata-wp-key=\"product-item-6613\"\r\n\t\t\t\r\n\t\t\t\t>\r\n\t\t\t\t\t\n<div data-block-name=\"woocommerce\/product-image\" data-image-sizing=\"thumbnail\" data-is-descendent-of-query-loop=\"true\" class=\"wc-block-components-product-image wc-block-grid__product-image wc-block-components-product-image--aspect-ratio-auto wp-block-woocommerce-product-image\"><a href=\"https:\/\/picoytallo.com\/de\/producto\/kartoffel-agria-1-kg\/\" style=\"\" data-wp-on--click=\"woocommerce\/product-collection::actions.viewProduct\"><img decoding=\"async\" width=\"291\" height=\"291\" src=\"https:\/\/picoytallo.com\/wp-content\/uploads\/2025\/01\/Comprar-patatas-agria-291x291.jpg\" class=\"attachment-woocommerce_thumbnail size-woocommerce_thumbnail\" alt=\"Patatas directas del agricultor\" data-testid=\"product-image\" data-image-id=\"6220\" style=\"object-fit:cover;\" \/><div class=\"wc-block-components-product-image__inner-container\"><\/div><\/a><\/div>\n\n<h3 style=\"margin-bottom:0.75rem;margin-top:0;\" class=\"has-text-align-center wp-block-post-title has-medium-font-size\"><a data-wp-on--click=\"woocommerce\/product-collection::actions.viewProduct\" href=\"https:\/\/picoytallo.com\/de\/producto\/kartoffel-agria-1-kg\/\" target=\"_self\" >Saure Kartoffel &#8211; 1 kg<\/a><\/h3>\n\n<div data-block-name=\"woocommerce\/product-price\" data-font-size=\"small\" data-is-descendent-of-query-loop=\"true\" data-text-align=\"center\" class=\"has-font-size has-small-font-size has-text-align-center wp-block-woocommerce-product-price has-small-font-size\" ><div class=\"wc-block-components-product-price wc-block-grid__product-price\" >\r\n\t\t\t\t\t<span class=\"woocommerce-Price-amount amount\" aria-hidden=\"true\"><bdi>2,90<span class=\"woocommerce-Price-currencySymbol\">&euro;<\/span><\/bdi><\/span> <span aria-hidden=\"true\"> \u2013 <\/span> <span class=\"woocommerce-Price-amount amount\" aria-hidden=\"true\"><bdi>16,90<span class=\"woocommerce-Price-currencySymbol\">&euro;<\/span><\/bdi><\/span><span class=\"screen-reader-text\">Preisspanne: 2,90&euro; bis 16,90&euro;<\/span>\r\n\t\t\t\t<\/div><\/div>\n\n<div data-block-name=\"woocommerce\/product-button\" data-font-size=\"small\" data-is-descendent-of-query-loop=\"true\" data-text-align=\"center\" class=\"wp-block-button wc-block-components-product-button   align-center wp-block-woocommerce-product-button has-small-font-size\"\r\n\t\t\t\t\t\r\n\t\t\t\t\tdata-wp-context='{\"quantityToAdd\":1,\"productId\":6613,\"productType\":\"variable\",\"addToCartText\":\"Ausf\\u00fchrung w\\u00e4hlen\",\"tempQuantity\":0,\"animationStatus\":\"IDLE\",\"inTheCartText\":\"### im Warenkorb\",\"noticeId\":\"\",\"hasPressedButton\":false}'\r\n\t\t\t\t>\r\n\t\t\t\t\t<a\r\n\t\t\t\t\t\tclass=\"wp-block-button__link wp-element-button wc-block-components-product-button__button add_to_cart_button product_type_variable has-font-size has-small-font-size has-text-align-center wc-interactive\"\r\n\t\t\t\t\t\tstyle=\"\"\r\n\t\t\t\t\t\thref=\"https:\/\/picoytallo.com\/de\/producto\/kartoffel-agria-1-kg\/\" rel=\"nofollow\" data-product_id=\"6613\" data-product_sku=\"\" aria-label=\"W\u00e4hle Optionen f\u00fcr \u201eSaure Kartoffel - 1 kg\u201c\"\r\n\t\t\t\t\t\tdata-wp-on--click=\"woocommerce\/product-collection::actions.viewProduct\"\r\n\t\t\t\t\t>\r\n\t\t\t\t\t<span >Ausf\u00fchrung w\u00e4hlen<\/span>\r\n\t\t\t\t\t<\/a>\r\n\t\t\t\t\t\r\n\t\t\t\t<\/div>\n\r\n\t\t\t\t<\/li><\/ul>\n\n<\/div>\n\n<h3 class=\"wp-block-heading\">Nachhaltigkeit und Reduzierung des CO2-Fu\u00dfabdrucks<\/h3>\n\n<p><a href=\"https:\/\/picoytallo.com\/de\/kauf-von-gemuese-direkt-beim-landwirt\/\" target=\"_blank\" rel=\"noreferrer noopener\">Der direkte Kauf bei lokalen Landwirten<\/a> ist nicht nur f\u00fcr Erzeuger und Verbraucher von Vorteil, sondern auch f\u00fcr die Umwelt. Der Transport von Lebensmitteln \u00fcber gro\u00dfe Entfernungen verursacht erhebliche Treibhausgasemissionen. So sch\u00e4tzt eine Studie der Universit\u00e4t Cambridge, dass importierte Lebensmittel einen bis zu 10-mal h\u00f6heren CO2-Fu\u00dfabdruck haben k\u00f6nnen als lokal produzierte Lebensmittel.  <\/p>\n\n<p>Dar\u00fcber hinaus wenden Kleinbauern im Vergleich zu industriellen Gro\u00dfbetrieben oft nachhaltigere Praktiken an, wie z.B. Fruchtwechsel, Verwendung organischer D\u00fcngemittel und Bodenerhaltung. Diese Praktiken erhalten nicht nur die Bodenfruchtbarkeit, sondern verringern auch die Abh\u00e4ngigkeit von synthetischen Chemikalien, die die lokalen \u00d6kosysteme sch\u00e4digen k\u00f6nnen. <\/p>\n\n<p>Ein weiterer wichtiger Aspekt ist die Verringerung der Lebensmittelverschwendung. Auf lokalen M\u00e4rkten k\u00f6nnen die Landwirte Produkte verkaufen, die nicht den \u00e4sthetischen Standards der Superm\u00e4rkte entsprechen, aber durchaus genie\u00dfbar sind. Dies tr\u00e4gt dazu bei, die Verluste zu minimieren, da sch\u00e4tzungsweise bis zu 30 % des Obsts und Gem\u00fcses in den traditionellen Lieferketten aus kosmetischen Gr\u00fcnden weggeworfen werden.  <\/p>\n\n<h3 class=\"wp-block-heading\">Wie k\u00f6nnen Sie direkt bei den Bauern kaufen?<\/h3>\n\n<p>F\u00fcr diejenigen, die diese Praxis in ihre Routine einbauen m\u00f6chten, gibt es mehrere M\u00f6glichkeiten, mit lokalen Erzeugern in Kontakt zu treten. Im Folgenden finden Sie einige praktikable Optionen: <\/p>\n\n<ul class=\"wp-block-list\">\n<li><strong>Bauernm\u00e4rkte<\/strong>: Auf diesen M\u00e4rkten k\u00f6nnen die Verbraucher direkt mit den Erzeugern in Kontakt treten, sich \u00fcber die Herkunft der Lebensmittel informieren und frische, saisonale Produkte kaufen.<\/li>\n\n\n\n<li><strong>Verbraucherkooperativen<\/strong>: In Kooperativen schlie\u00dfen sich Verbraucher zusammen, um in gro\u00dfen Mengen direkt bei den Landwirten einzukaufen, was die Kosten senkt und die Zusammenarbeit in der Gemeinschaft f\u00f6rdert.<\/li>\n\n\n\n<li><strong>Digitale Plattformen<\/strong>: In den letzten Jahren sind Apps und Websites aufgetaucht, die Verbraucher mit lokalen Landwirten verbinden und den Online-Einkauf und die Lieferung nach Hause erleichtern.<\/li>\n\n\n\n<li><strong>Abonnements f\u00fcr Obst- und Gem\u00fcsekisten<\/strong>: Einige Landwirte bieten Abo-Programme an, bei denen die Verbraucher w\u00f6chentlich oder monatlich eine Kiste mit frischem Obst und Gem\u00fcse erhalten, die sie oft nach ihren W\u00fcnschen gestalten k\u00f6nnen.<\/li>\n<\/ul>\n\n<p>Jede dieser Optionen hat spezifische Vorteile, aber alle haben das gemeinsame Ziel, die Lieferkette zu verk\u00fcrzen und die Beziehung zwischen Hof und Tisch zu st\u00e4rken. F\u00fcr Lebensmittellogistiker stellen diese Initiativen ein Innovationsfeld dar, das Technologie, Nachhaltigkeit und integrative Gesch\u00e4ftsmodelle kombiniert. <\/p>\n\n<h2 class=\"wp-block-heading\">L\u00f6sungen f\u00fcr die Ausweitung des Direkteinkaufs<\/h2>\n\n<p>Trotz seiner Vorteile steht der Direkteinkauf vor einigen Herausforderungen, die es zu bew\u00e4ltigen gilt, um seine Wirkung zu maximieren. Eines der Haupthindernisse ist die Zug\u00e4nglichkeit, denn nicht alle Gemeinden haben lokale M\u00e4rkte oder Zugang zu digitalen Plattformen. Au\u00dferdem finden es die Verbraucher in den St\u00e4dten vielleicht bequemer, in Superm\u00e4rkten einzukaufen, weil ihnen die Zeit oder die Informationen \u00fcber lokale Angebote fehlen.  <\/p>\n\n<p>Um diese Hindernisse zu \u00fcberwinden, sind Investitionen in die Infrastruktur und die Bildung unerl\u00e4sslich. Lokale Regierungen k\u00f6nnen die Einrichtung von Bauernm\u00e4rkten in st\u00e4dtischen und vorst\u00e4dtischen Gebieten unterst\u00fctzen, w\u00e4hrend Sensibilisierungskampagnen die Verbraucher \u00fcber die Vorteile des Direktkaufs informieren k\u00f6nnen. Bauernverb\u00e4nde k\u00f6nnen ebenfalls eine Schl\u00fcsselrolle bei der Erleichterung der Logistik und der Vermarktung von Produkten spielen.  <\/p>\n\n<p>Eine weitere Herausforderung ist die Saisonabh\u00e4ngigkeit. Lokale Produkte sind nicht immer das ganze Jahr \u00fcber erh\u00e4ltlich, was einige Verbraucher, die an das st\u00e4ndige Angebot in Superm\u00e4rkten gew\u00f6hnt sind, abschrecken k\u00f6nnte. Dies kann jedoch eine Gelegenheit sein, \u00fcber die Bedeutung des Verzehrs saisonaler Lebensmittel aufzukl\u00e4ren, die nicht nur schmackhafter und nahrhafter, sondern auch umweltfreundlicher sind.  <\/p>\n\n<h3 class=\"wp-block-heading\">Die Rolle der Verbraucher und Fachleute beim Wandel<\/h3>\n\n<p>Die Verbraucher haben viel Macht, um die Lebensmittelsysteme zu ver\u00e4ndern. Jeder Kauf ist ein Votum f\u00fcr ein bestimmtes Produktionsmodell. Durch die Wahl lokaler Produkte verbessern die Verbraucher nicht nur ihre Lebensqualit\u00e4t, sondern unterst\u00fctzen auch Landwirte, die sich f\u00fcr den Erhalt der Artenvielfalt und den Schutz der Umwelt einsetzen.  <\/p>\n\n<p>F\u00fcr Fachleute aus den Bereichen Landwirtschaft, Lebensmittel und Nachhaltigkeit stellt der Direkteinkauf eine Chance dar, den Wandel anzuf\u00fchren. K\u00fcchenchefs k\u00f6nnen mit Landwirten zusammenarbeiten, um Men\u00fcs mit lokalen Zutaten zu kreieren, Forscher k\u00f6nnen Technologien entwickeln, die den Direktvertrieb erleichtern, und P\u00e4dagogen k\u00f6nnen neue Generationen \u00fcber die Bedeutung nachhaltiger Lebensmittelsysteme aufkl\u00e4ren. <\/p>\n\n<h2 class=\"wp-block-heading\">Kauf von Obst und Gem\u00fcse direkt vom Bauern<\/h2>\n\n<p><a href=\"https:\/\/picoytallo.com\/de\/kaufen-sie-obst-und-gemuese-direkt-vom-bauern-warum\/\">Obst und Gem\u00fcse direkt vom Bauern zu kaufen<\/a>, ist nicht nur eine Entscheidung des Verbrauchers, sondern ein Bekenntnis zu Qualit\u00e4t, Nachhaltigkeit und wirtschaftlicher Gerechtigkeit. Dieses Modell st\u00e4rkt die lokalen Gemeinschaften, reduziert die Umweltbelastung und erm\u00f6glicht es uns, frische, schmackhafte Lebensmittel zu genie\u00dfen. F\u00fcr Fachleute auf diesem Gebiet ist es eine Chance, innovativ zu sein und den \u00dcbergang zu einem widerstandsf\u00e4higeren und gerechteren Lebensmittelsystem anzuf\u00fchren.  <\/p>\n\n<p>In einer Welt, in der die Verbindung zu dem, wo unsere Lebensmittel herkommen, verw\u00e4ssert wurde, ist die R\u00fcckkehr aufs Land eine M\u00f6glichkeit, sich wieder mit dem Land und denen, die es bearbeiten, zu verbinden. Wenn Sie das n\u00e4chste Mal Ihr Obst und Gem\u00fcse ausw\u00e4hlen, sollten Sie einen lokalen Markt besuchen oder einer Genossenschaft beitreten. Ihre Entscheidung wird nicht nur Ihren Tisch ver\u00e4ndern, sondern auch die Zukunft der Landwirtschaft.  <\/p>\n","protected":false},"excerpt":{"rendered":"<p>Der Kauf von Obst und Gem\u00fcse direkt bei den Landwirten garantiert nicht nur frische, qualitativ hochwertige Produkte, sondern kurbelt auch die lokale Wirtschaft an und f\u00f6rdert die Nachhaltigkeit. Finden Sie heraus, wie diese Praxis den Verbrauchern, den Erzeugern und der Umwelt zugute kommt, und erfahren Sie, wie Sie sie in Ihren Alltag integrieren k\u00f6nnen. <\/p>\n","protected":false},"author":1,"featured_media":7524,"comment_status":"open","ping_status":"open","sticky":false,"template":"","format":"standard","meta":{"footnotes":""},"categories":[281],"tags":[674,711,189],"class_list":["post-7556","post","type-post","status-publish","format-standard","has-post-thumbnail","hentry","category-obst-und-gemuse-de","tag-fruchte-der-saison","tag-lokale-bauern","tag-obst-und-gemuse-vom-bauern"],"yoast_head":"<!-- This site is optimized with the Yoast SEO plugin v27.4 - https:\/\/yoast.com\/product\/yoast-seo-wordpress\/ -->\n<title>Zeit, Obst und Gem\u00fcse direkt vom Bauern zu kaufen<\/title>\n<meta name=\"description\" content=\"Es ist an der Zeit, Obst und Gem\u00fcse direkt vom Bauern zu kaufen: bessere Qualit\u00e4t, Unterst\u00fctzung der lokalen Erzeuger und mehr.\" \/>\n<meta name=\"robots\" content=\"index, follow, max-snippet:-1, max-image-preview:large, max-video-preview:-1\" \/>\n<link rel=\"canonical\" href=\"https:\/\/picoytallo.com\/de\/zeit-obst-und-gemuese-direkt-vom-bauern-zu-kaufen\/\" \/>\n<meta property=\"og:locale\" content=\"de_DE\" \/>\n<meta property=\"og:type\" content=\"article\" \/>\n<meta property=\"og:title\" content=\"Zeit, Obst und Gem\u00fcse direkt vom Bauern zu kaufen\" \/>\n<meta property=\"og:description\" content=\"Es ist an der Zeit, Obst und Gem\u00fcse direkt vom Bauern zu kaufen: bessere Qualit\u00e4t, Unterst\u00fctzung der lokalen Erzeuger und mehr.\" \/>\n<meta property=\"og:url\" content=\"https:\/\/picoytallo.com\/de\/zeit-obst-und-gemuese-direkt-vom-bauern-zu-kaufen\/\" \/>\n<meta property=\"og:site_name\" content=\"Pico y Tallo\" \/>\n<meta property=\"article:published_time\" content=\"2025-06-24T05:52:47+00:00\" \/>\n<meta property=\"article:modified_time\" content=\"2025-06-24T07:31:36+00:00\" \/>\n<meta property=\"og:image\" content=\"https:\/\/picoytallo.com\/wp-content\/uploads\/2025\/06\/Comprar-frutas-y-verduras-al-agricultor-local.webp\" \/>\n\t<meta property=\"og:image:width\" content=\"1200\" \/>\n\t<meta property=\"og:image:height\" content=\"1200\" \/>\n\t<meta property=\"og:image:type\" content=\"image\/webp\" \/>\n<meta name=\"author\" content=\"Miriam Agu\" \/>\n<meta name=\"twitter:card\" content=\"summary_large_image\" \/>\n<meta name=\"twitter:label1\" content=\"Verfasst von\" \/>\n\t<meta name=\"twitter:data1\" content=\"Miriam Agu\" \/>\n\t<meta name=\"twitter:label2\" content=\"Gesch\u00e4tzte Lesezeit\" \/>\n\t<meta name=\"twitter:data2\" content=\"7\u00a0Minuten\" \/>\n<script type=\"application\/ld+json\" class=\"yoast-schema-graph\">{\"@context\":\"https:\\\/\\\/schema.org\",\"@graph\":[{\"@type\":\"Article\",\"@id\":\"https:\\\/\\\/picoytallo.com\\\/de\\\/zeit-obst-und-gemuese-direkt-vom-bauern-zu-kaufen\\\/#article\",\"isPartOf\":{\"@id\":\"https:\\\/\\\/picoytallo.com\\\/de\\\/zeit-obst-und-gemuese-direkt-vom-bauern-zu-kaufen\\\/\"},\"author\":{\"name\":\"Miriam Agu\",\"@id\":\"https:\\\/\\\/picoytallo.com\\\/de\\\/#\\\/schema\\\/person\\\/63a6fb440bda597e6914080868ac2699\"},\"headline\":\"Zeit, Obst und Gem\u00fcse direkt vom Bauern zu kaufen\",\"datePublished\":\"2025-06-24T05:52:47+00:00\",\"dateModified\":\"2025-06-24T07:31:36+00:00\",\"mainEntityOfPage\":{\"@id\":\"https:\\\/\\\/picoytallo.com\\\/de\\\/zeit-obst-und-gemuese-direkt-vom-bauern-zu-kaufen\\\/\"},\"wordCount\":1414,\"commentCount\":0,\"publisher\":{\"@id\":\"https:\\\/\\\/picoytallo.com\\\/de\\\/#organization\"},\"image\":{\"@id\":\"https:\\\/\\\/picoytallo.com\\\/de\\\/zeit-obst-und-gemuese-direkt-vom-bauern-zu-kaufen\\\/#primaryimage\"},\"thumbnailUrl\":\"https:\\\/\\\/picoytallo.com\\\/wp-content\\\/uploads\\\/2025\\\/06\\\/Comprar-frutas-y-verduras-al-agricultor-local.webp\",\"keywords\":[\"Fr\u00fcchte der Saison\",\"Lokale Bauern\",\"Obst und Gem\u00fcse vom Bauern\"],\"articleSection\":[\"Obst und Gem\u00fcse\"],\"inLanguage\":\"de\",\"potentialAction\":[{\"@type\":\"CommentAction\",\"name\":\"Comment\",\"target\":[\"https:\\\/\\\/picoytallo.com\\\/de\\\/zeit-obst-und-gemuese-direkt-vom-bauern-zu-kaufen\\\/#respond\"]}]},{\"@type\":\"WebPage\",\"@id\":\"https:\\\/\\\/picoytallo.com\\\/de\\\/zeit-obst-und-gemuese-direkt-vom-bauern-zu-kaufen\\\/\",\"url\":\"https:\\\/\\\/picoytallo.com\\\/de\\\/zeit-obst-und-gemuese-direkt-vom-bauern-zu-kaufen\\\/\",\"name\":\"Zeit, Obst und Gem\u00fcse direkt vom Bauern zu kaufen\",\"isPartOf\":{\"@id\":\"https:\\\/\\\/picoytallo.com\\\/de\\\/#website\"},\"primaryImageOfPage\":{\"@id\":\"https:\\\/\\\/picoytallo.com\\\/de\\\/zeit-obst-und-gemuese-direkt-vom-bauern-zu-kaufen\\\/#primaryimage\"},\"image\":{\"@id\":\"https:\\\/\\\/picoytallo.com\\\/de\\\/zeit-obst-und-gemuese-direkt-vom-bauern-zu-kaufen\\\/#primaryimage\"},\"thumbnailUrl\":\"https:\\\/\\\/picoytallo.com\\\/wp-content\\\/uploads\\\/2025\\\/06\\\/Comprar-frutas-y-verduras-al-agricultor-local.webp\",\"datePublished\":\"2025-06-24T05:52:47+00:00\",\"dateModified\":\"2025-06-24T07:31:36+00:00\",\"description\":\"Es ist an der Zeit, Obst und Gem\u00fcse direkt vom Bauern zu kaufen: bessere Qualit\u00e4t, Unterst\u00fctzung der lokalen Erzeuger und mehr.\",\"breadcrumb\":{\"@id\":\"https:\\\/\\\/picoytallo.com\\\/de\\\/zeit-obst-und-gemuese-direkt-vom-bauern-zu-kaufen\\\/#breadcrumb\"},\"inLanguage\":\"de\",\"potentialAction\":[{\"@type\":\"ReadAction\",\"target\":[\"https:\\\/\\\/picoytallo.com\\\/de\\\/zeit-obst-und-gemuese-direkt-vom-bauern-zu-kaufen\\\/\"]}]},{\"@type\":\"ImageObject\",\"inLanguage\":\"de\",\"@id\":\"https:\\\/\\\/picoytallo.com\\\/de\\\/zeit-obst-und-gemuese-direkt-vom-bauern-zu-kaufen\\\/#primaryimage\",\"url\":\"https:\\\/\\\/picoytallo.com\\\/wp-content\\\/uploads\\\/2025\\\/06\\\/Comprar-frutas-y-verduras-al-agricultor-local.webp\",\"contentUrl\":\"https:\\\/\\\/picoytallo.com\\\/wp-content\\\/uploads\\\/2025\\\/06\\\/Comprar-frutas-y-verduras-al-agricultor-local.webp\",\"width\":1200,\"height\":1200,\"caption\":\"Comprar agricultores locales\"},{\"@type\":\"BreadcrumbList\",\"@id\":\"https:\\\/\\\/picoytallo.com\\\/de\\\/zeit-obst-und-gemuese-direkt-vom-bauern-zu-kaufen\\\/#breadcrumb\",\"itemListElement\":[{\"@type\":\"ListItem\",\"position\":1,\"name\":\"Portada\",\"item\":\"https:\\\/\\\/picoytallo.com\\\/de\\\/\"},{\"@type\":\"ListItem\",\"position\":2,\"name\":\"Zeit, Obst und Gem\u00fcse direkt vom Bauern zu kaufen\"}]},{\"@type\":\"WebSite\",\"@id\":\"https:\\\/\\\/picoytallo.com\\\/de\\\/#website\",\"url\":\"https:\\\/\\\/picoytallo.com\\\/de\\\/\",\"name\":\"Pico y Tallo\",\"description\":\"Productos Gourmet Online\",\"publisher\":{\"@id\":\"https:\\\/\\\/picoytallo.com\\\/de\\\/#organization\"},\"potentialAction\":[{\"@type\":\"SearchAction\",\"target\":{\"@type\":\"EntryPoint\",\"urlTemplate\":\"https:\\\/\\\/picoytallo.com\\\/de\\\/?s={search_term_string}\"},\"query-input\":{\"@type\":\"PropertyValueSpecification\",\"valueRequired\":true,\"valueName\":\"search_term_string\"}}],\"inLanguage\":\"de\"},{\"@type\":\"Organization\",\"@id\":\"https:\\\/\\\/picoytallo.com\\\/de\\\/#organization\",\"name\":\"Pico y Tallo\",\"url\":\"https:\\\/\\\/picoytallo.com\\\/de\\\/\",\"logo\":{\"@type\":\"ImageObject\",\"inLanguage\":\"de\",\"@id\":\"https:\\\/\\\/picoytallo.com\\\/de\\\/#\\\/schema\\\/logo\\\/image\\\/\",\"url\":\"https:\\\/\\\/picoytallo.com\\\/wp-content\\\/uploads\\\/2022\\\/03\\\/cropped-Productos-gourmet-picotallo.webp\",\"contentUrl\":\"https:\\\/\\\/picoytallo.com\\\/wp-content\\\/uploads\\\/2022\\\/03\\\/cropped-Productos-gourmet-picotallo.webp\",\"width\":1194,\"height\":314,\"caption\":\"Pico y Tallo\"},\"image\":{\"@id\":\"https:\\\/\\\/picoytallo.com\\\/de\\\/#\\\/schema\\\/logo\\\/image\\\/\"}},{\"@type\":\"Person\",\"@id\":\"https:\\\/\\\/picoytallo.com\\\/de\\\/#\\\/schema\\\/person\\\/63a6fb440bda597e6914080868ac2699\",\"name\":\"Miriam Agu\",\"image\":{\"@type\":\"ImageObject\",\"inLanguage\":\"de\",\"@id\":\"https:\\\/\\\/picoytallo.com\\\/wp-content\\\/litespeed\\\/avatar\\\/0f55be667cb12c6c887184d57a24c91d.jpg?ver=1777373351\",\"url\":\"https:\\\/\\\/picoytallo.com\\\/wp-content\\\/litespeed\\\/avatar\\\/0f55be667cb12c6c887184d57a24c91d.jpg?ver=1777373351\",\"contentUrl\":\"https:\\\/\\\/picoytallo.com\\\/wp-content\\\/litespeed\\\/avatar\\\/0f55be667cb12c6c887184d57a24c91d.jpg?ver=1777373351\",\"caption\":\"Miriam Agu\"},\"url\":\"https:\\\/\\\/picoytallo.com\\\/de\\\/author\\\/adminpico\\\/\"}]}<\/script>\n<!-- \/ Yoast SEO plugin. -->","yoast_head_json":{"title":"Zeit, Obst und Gem\u00fcse direkt vom Bauern zu kaufen","description":"Es ist an der Zeit, Obst und Gem\u00fcse direkt vom Bauern zu kaufen: bessere Qualit\u00e4t, Unterst\u00fctzung der lokalen Erzeuger und mehr.","robots":{"index":"index","follow":"follow","max-snippet":"max-snippet:-1","max-image-preview":"max-image-preview:large","max-video-preview":"max-video-preview:-1"},"canonical":"https:\/\/picoytallo.com\/de\/zeit-obst-und-gemuese-direkt-vom-bauern-zu-kaufen\/","og_locale":"de_DE","og_type":"article","og_title":"Zeit, Obst und Gem\u00fcse direkt vom Bauern zu kaufen","og_description":"Es ist an der Zeit, Obst und Gem\u00fcse direkt vom Bauern zu kaufen: bessere Qualit\u00e4t, Unterst\u00fctzung der lokalen Erzeuger und mehr.","og_url":"https:\/\/picoytallo.com\/de\/zeit-obst-und-gemuese-direkt-vom-bauern-zu-kaufen\/","og_site_name":"Pico y Tallo","article_published_time":"2025-06-24T05:52:47+00:00","article_modified_time":"2025-06-24T07:31:36+00:00","og_image":[{"width":1200,"height":1200,"url":"https:\/\/picoytallo.com\/wp-content\/uploads\/2025\/06\/Comprar-frutas-y-verduras-al-agricultor-local.webp","type":"image\/webp"}],"author":"Miriam Agu","twitter_card":"summary_large_image","twitter_misc":{"Verfasst von":"Miriam Agu","Gesch\u00e4tzte Lesezeit":"7\u00a0Minuten"},"schema":{"@context":"https:\/\/schema.org","@graph":[{"@type":"Article","@id":"https:\/\/picoytallo.com\/de\/zeit-obst-und-gemuese-direkt-vom-bauern-zu-kaufen\/#article","isPartOf":{"@id":"https:\/\/picoytallo.com\/de\/zeit-obst-und-gemuese-direkt-vom-bauern-zu-kaufen\/"},"author":{"name":"Miriam Agu","@id":"https:\/\/picoytallo.com\/de\/#\/schema\/person\/63a6fb440bda597e6914080868ac2699"},"headline":"Zeit, Obst und Gem\u00fcse direkt vom Bauern zu kaufen","datePublished":"2025-06-24T05:52:47+00:00","dateModified":"2025-06-24T07:31:36+00:00","mainEntityOfPage":{"@id":"https:\/\/picoytallo.com\/de\/zeit-obst-und-gemuese-direkt-vom-bauern-zu-kaufen\/"},"wordCount":1414,"commentCount":0,"publisher":{"@id":"https:\/\/picoytallo.com\/de\/#organization"},"image":{"@id":"https:\/\/picoytallo.com\/de\/zeit-obst-und-gemuese-direkt-vom-bauern-zu-kaufen\/#primaryimage"},"thumbnailUrl":"https:\/\/picoytallo.com\/wp-content\/uploads\/2025\/06\/Comprar-frutas-y-verduras-al-agricultor-local.webp","keywords":["Fr\u00fcchte der Saison","Lokale Bauern","Obst und Gem\u00fcse vom Bauern"],"articleSection":["Obst und Gem\u00fcse"],"inLanguage":"de","potentialAction":[{"@type":"CommentAction","name":"Comment","target":["https:\/\/picoytallo.com\/de\/zeit-obst-und-gemuese-direkt-vom-bauern-zu-kaufen\/#respond"]}]},{"@type":"WebPage","@id":"https:\/\/picoytallo.com\/de\/zeit-obst-und-gemuese-direkt-vom-bauern-zu-kaufen\/","url":"https:\/\/picoytallo.com\/de\/zeit-obst-und-gemuese-direkt-vom-bauern-zu-kaufen\/","name":"Zeit, Obst und Gem\u00fcse direkt vom Bauern zu kaufen","isPartOf":{"@id":"https:\/\/picoytallo.com\/de\/#website"},"primaryImageOfPage":{"@id":"https:\/\/picoytallo.com\/de\/zeit-obst-und-gemuese-direkt-vom-bauern-zu-kaufen\/#primaryimage"},"image":{"@id":"https:\/\/picoytallo.com\/de\/zeit-obst-und-gemuese-direkt-vom-bauern-zu-kaufen\/#primaryimage"},"thumbnailUrl":"https:\/\/picoytallo.com\/wp-content\/uploads\/2025\/06\/Comprar-frutas-y-verduras-al-agricultor-local.webp","datePublished":"2025-06-24T05:52:47+00:00","dateModified":"2025-06-24T07:31:36+00:00","description":"Es ist an der Zeit, Obst und Gem\u00fcse direkt vom Bauern zu kaufen: bessere Qualit\u00e4t, Unterst\u00fctzung der lokalen Erzeuger und mehr.","breadcrumb":{"@id":"https:\/\/picoytallo.com\/de\/zeit-obst-und-gemuese-direkt-vom-bauern-zu-kaufen\/#breadcrumb"},"inLanguage":"de","potentialAction":[{"@type":"ReadAction","target":["https:\/\/picoytallo.com\/de\/zeit-obst-und-gemuese-direkt-vom-bauern-zu-kaufen\/"]}]},{"@type":"ImageObject","inLanguage":"de","@id":"https:\/\/picoytallo.com\/de\/zeit-obst-und-gemuese-direkt-vom-bauern-zu-kaufen\/#primaryimage","url":"https:\/\/picoytallo.com\/wp-content\/uploads\/2025\/06\/Comprar-frutas-y-verduras-al-agricultor-local.webp","contentUrl":"https:\/\/picoytallo.com\/wp-content\/uploads\/2025\/06\/Comprar-frutas-y-verduras-al-agricultor-local.webp","width":1200,"height":1200,"caption":"Comprar agricultores locales"},{"@type":"BreadcrumbList","@id":"https:\/\/picoytallo.com\/de\/zeit-obst-und-gemuese-direkt-vom-bauern-zu-kaufen\/#breadcrumb","itemListElement":[{"@type":"ListItem","position":1,"name":"Portada","item":"https:\/\/picoytallo.com\/de\/"},{"@type":"ListItem","position":2,"name":"Zeit, Obst und Gem\u00fcse direkt vom Bauern zu kaufen"}]},{"@type":"WebSite","@id":"https:\/\/picoytallo.com\/de\/#website","url":"https:\/\/picoytallo.com\/de\/","name":"Pico y Tallo","description":"Productos Gourmet Online","publisher":{"@id":"https:\/\/picoytallo.com\/de\/#organization"},"potentialAction":[{"@type":"SearchAction","target":{"@type":"EntryPoint","urlTemplate":"https:\/\/picoytallo.com\/de\/?s={search_term_string}"},"query-input":{"@type":"PropertyValueSpecification","valueRequired":true,"valueName":"search_term_string"}}],"inLanguage":"de"},{"@type":"Organization","@id":"https:\/\/picoytallo.com\/de\/#organization","name":"Pico y Tallo","url":"https:\/\/picoytallo.com\/de\/","logo":{"@type":"ImageObject","inLanguage":"de","@id":"https:\/\/picoytallo.com\/de\/#\/schema\/logo\/image\/","url":"https:\/\/picoytallo.com\/wp-content\/uploads\/2022\/03\/cropped-Productos-gourmet-picotallo.webp","contentUrl":"https:\/\/picoytallo.com\/wp-content\/uploads\/2022\/03\/cropped-Productos-gourmet-picotallo.webp","width":1194,"height":314,"caption":"Pico y Tallo"},"image":{"@id":"https:\/\/picoytallo.com\/de\/#\/schema\/logo\/image\/"}},{"@type":"Person","@id":"https:\/\/picoytallo.com\/de\/#\/schema\/person\/63a6fb440bda597e6914080868ac2699","name":"Miriam Agu","image":{"@type":"ImageObject","inLanguage":"de","@id":"https:\/\/picoytallo.com\/wp-content\/litespeed\/avatar\/0f55be667cb12c6c887184d57a24c91d.jpg?ver=1777373351","url":"https:\/\/picoytallo.com\/wp-content\/litespeed\/avatar\/0f55be667cb12c6c887184d57a24c91d.jpg?ver=1777373351","contentUrl":"https:\/\/picoytallo.com\/wp-content\/litespeed\/avatar\/0f55be667cb12c6c887184d57a24c91d.jpg?ver=1777373351","caption":"Miriam Agu"},"url":"https:\/\/picoytallo.com\/de\/author\/adminpico\/"}]}},"_links":{"self":[{"href":"https:\/\/picoytallo.com\/de\/wp-json\/wp\/v2\/posts\/7556","targetHints":{"allow":["GET"]}}],"collection":[{"href":"https:\/\/picoytallo.com\/de\/wp-json\/wp\/v2\/posts"}],"about":[{"href":"https:\/\/picoytallo.com\/de\/wp-json\/wp\/v2\/types\/post"}],"author":[{"embeddable":true,"href":"https:\/\/picoytallo.com\/de\/wp-json\/wp\/v2\/users\/1"}],"replies":[{"embeddable":true,"href":"https:\/\/picoytallo.com\/de\/wp-json\/wp\/v2\/comments?post=7556"}],"version-history":[{"count":0,"href":"https:\/\/picoytallo.com\/de\/wp-json\/wp\/v2\/posts\/7556\/revisions"}],"wp:featuredmedia":[{"embeddable":true,"href":"https:\/\/picoytallo.com\/de\/wp-json\/wp\/v2\/media\/7524"}],"wp:attachment":[{"href":"https:\/\/picoytallo.com\/de\/wp-json\/wp\/v2\/media?parent=7556"}],"wp:term":[{"taxonomy":"category","embeddable":true,"href":"https:\/\/picoytallo.com\/de\/wp-json\/wp\/v2\/categories?post=7556"},{"taxonomy":"post_tag","embeddable":true,"href":"https:\/\/picoytallo.com\/de\/wp-json\/wp\/v2\/tags?post=7556"}],"curies":[{"name":"wp","href":"https:\/\/api.w.org\/{rel}","templated":true}]}}